{"id":7627,"date":"2013-01-26T17:36:13","date_gmt":"2013-01-26T17:36:13","guid":{"rendered":"https:\/\/www.urlaubcornwall.de\/blog\/?p=7627"},"modified":"2016-03-16T08:03:25","modified_gmt":"2016-03-16T08:03:25","slug":"port-eliot-festival","status":"publish","type":"post","link":"https:\/\/www.urlaubcornwall.de\/blog\/2013\/01\/port-eliot-festival\/","title":{"rendered":"Port Eliot Festival"},"content":{"rendered":"<div id=\"attachment_7629\" style=\"width: 525px\" class=\"wp-caption aligncenter\"><a href=\"https:\/\/www.urlaubcornwall.de\/blog\/wp-content\/uploads\/2013\/01\/In-front-of-the-House-at-Port-Eliot-by-Bill-Bradshaw1.jpg\"><img aria-describedby=\"caption-attachment-7629\" loading=\"lazy\" class=\"size-full wp-image-7629\" src=\"https:\/\/www.urlaubcornwall.de\/blog\/wp-content\/uploads\/2013\/01\/In-front-of-the-House-at-Port-Eliot-by-Bill-Bradshaw1.jpg\" alt=\"Port Eliot Festival\" width=\"515\" height=\"343\" srcset=\"https:\/\/www.urlaubcornwall.de\/blog\/wp-content\/uploads\/2013\/01\/In-front-of-the-House-at-Port-Eliot-by-Bill-Bradshaw1.jpg 515w, https:\/\/www.urlaubcornwall.de\/blog\/wp-content\/uploads\/2013\/01\/In-front-of-the-House-at-Port-Eliot-by-Bill-Bradshaw1-300x199.jpg 300w\" sizes=\"(max-width: 515px) 100vw, 515px\" \/><\/a><p id=\"caption-attachment-7629\" class=\"wp-caption-text\">Port Eliot Festival<\/p><\/div>\n<p>Auf dem Landsitz der St Germans, <a title=\"Historisches und malerisches Herrenhaus mit G\u00e4rten\" href=\"https:\/\/www.urlaubcornwall.de\/blog\/port-eliot-historisches-und-malerisches-herrenhaus-mit-gaerten-versteckt-inmitten-der-kornischen-landschaft\/\"><strong><span style=\"text-decoration: underline;\">Port Eliot Anwesen<\/span><\/strong><\/a>, trifft jahrhundertealter hochherrschaftlicher Chic auf Rock\u2019n\u2019Roll \u2013 und auf jede Menge Prominenz. Seitdem Peregrine, 10. Graf von St. Germans, das Anwesen f\u00fchrt, hat er den Exzentriker Robert Lengkiewicz einen Raum mit einem Wandgem\u00e4lde ausmalen lassen, in dem surreale und apokalyptische Szenen mit Skeletten und Familienportr\u00e4ts zusammentreffen.<\/p>\n<p style=\"text-align: center;\"><script src=\"\/\/pagead2.googlesyndication.com\/pagead\/js\/adsbygoogle.js\" async=\"\"><\/script><!-- Urlaub Cornwall --> <ins class=\"adsbygoogle\" style=\"display: inline-block; width: 468px; height: 60px;\" data-ad-client=\"ca-pub-3901089389175725\" data-ad-slot=\"9709771099\"><\/ins><script>\/\/ <![CDATA[\n(adsbygoogle = window.adsbygoogle || []).push({});\n\/\/ ]]><\/script><\/p>\n<p>In einem Salon schreitet eine mit Buchseiten bekleidete Schaufensterpuppe durch eine T\u00fcr, daneben h\u00e4ngen Originalgem\u00e4lde von Sir Joshua Reynolds und davor fl\u00e4zt sich der Familienhund auf einem antiken, zerschlissenen Samtsofa. Eine F\u00fchrung durch das glanzvoll abgetakelte und bewohnte Anwesen ist ein Vergn\u00fcgen, das man sich auf jeden Fall g\u00f6nnen sollte.<\/p>\n<div id=\"attachment_7630\" style=\"width: 525px\" class=\"wp-caption aligncenter\"><a href=\"https:\/\/www.urlaubcornwall.de\/blog\/wp-content\/uploads\/2013\/01\/29T12591.jpg\"><img aria-describedby=\"caption-attachment-7630\" loading=\"lazy\" class=\"size-full wp-image-7630 \" title=\"Port Eliot Garten\" src=\"https:\/\/www.urlaubcornwall.de\/blog\/wp-content\/uploads\/2013\/01\/29T12591.jpg\" alt=\"Port Eliot Garten\" width=\"515\" height=\"343\" srcset=\"https:\/\/www.urlaubcornwall.de\/blog\/wp-content\/uploads\/2013\/01\/29T12591.jpg 515w, https:\/\/www.urlaubcornwall.de\/blog\/wp-content\/uploads\/2013\/01\/29T12591-300x199.jpg 300w\" sizes=\"(max-width: 515px) 100vw, 515px\" \/><\/a><p id=\"caption-attachment-7630\" class=\"wp-caption-text\">Port Eliot Garten<\/p><\/div>\n<p>Seine Liebe f\u00fcr die Kunst, sei es Malerei, Musik, Literatur oder Film, zeigt Graf Peregrine allj\u00e4hrlich auch auf seinem Port Eliot Festival. In den Landschaftsg\u00e4rten werden St\u00fchle aneinandergereiht, gro\u00dfe Grills und Ciderst\u00e4nde aufgebaut und dazu gibt es eine Retrospektive der Filme von Martin Scorcese, die der Regisseur f\u00fcr das Paradiso Outdoor Cinema zusammengestellt hat. Es gibt Slam Poetry, und ber\u00fchmte Schriftsteller wie Hanif Kureishi und Jay McInnery lesen aus ihren eigenen Werken. Es finden Modeschauen statt, Bands spielen von Folk bis Punk nahezu alles \u2013 und \u00fcberall auf dem gr\u00e4flichen Gr\u00fcn darf gecampt werden. Britain at ist best! Eigenwillig, exzentrisch und unique.<\/p>\n<p><strong>Tourismusexperten mit 15 Jahre Erfahrung im Organisieren von Touren durch Cornwall und S\u00fcdengland.<\/strong><\/p>\n<p><strong>Was bieten wir an? <a href=\"https:\/\/www.urlaubcornwall.de\/blog\/rundreise-durch-cornwall-and-suedenengland-2013\/\"><span style=\"text-decoration: underline;\">Klicken Sie hier<\/span>&gt;&gt;<\/a><\/strong><\/p>\n","protected":false},"excerpt":{"rendered":"<p>Auf dem Landsitz der St Germans, Port Eliot Anwesen, trifft jahrhundertealter hochherrschaftlicher Chic auf Rock\u2019n\u2019Roll \u2013 und auf jede Menge Prominenz. Seitdem Peregrine, 10. Graf von St. Germans, das Anwesen f\u00fchrt, hat er den Exzentriker Robert Lengkiewicz einen Raum mit einem Wandgem\u00e4lde ausmalen lassen, in dem surreale und apokalyptische Szenen mit Skeletten und Familienportr\u00e4ts zusammentreffen. [&hellip;]<\/p>\n","protected":false},"author":1,"featured_media":0,"comment_status":"closed","ping_status":"closed","sticky":false,"template":"","format":"standard","meta":[],"categories":[7,22],"tags":[2496,1076,1488,1489],"acf":[],"yoast_head":"<!-- This site is optimized with the Yoast SEO plugin v19.4 - https:\/\/yoast.com\/wordpress\/plugins\/seo\/ -->\n<title>Port Eliot Festival - Urlaub &amp; Reisen<\/title>\n<meta name=\"robots\" content=\"index, follow, max-snippet:-1, max-image-preview:large, max-video-preview:-1\" \/>\n<link rel=\"canonical\" href=\"https:\/\/www.urlaubcornwall.de\/blog\/2013\/01\/port-eliot-festival\/\" \/>\n<meta property=\"og:locale\" content=\"en_US\" \/>\n<meta property=\"og:type\" content=\"article\" \/>\n<meta property=\"og:title\" content=\"Port Eliot Festival - Urlaub &amp; Reisen\" \/>\n<meta property=\"og:description\" content=\"Auf dem Landsitz der St Germans, Port Eliot Anwesen, trifft jahrhundertealter hochherrschaftlicher Chic auf Rock\u2019n\u2019Roll \u2013 und auf jede Menge Prominenz. Seitdem Peregrine, 10. Graf von St. Germans, das Anwesen f\u00fchrt, hat er den Exzentriker Robert Lengkiewicz einen Raum mit einem Wandgem\u00e4lde ausmalen lassen, in dem surreale und apokalyptische Szenen mit Skeletten und Familienportr\u00e4ts zusammentreffen. [&hellip;]\" \/>\n<meta property=\"og:url\" content=\"https:\/\/www.urlaubcornwall.de\/blog\/2013\/01\/port-eliot-festival\/\" \/>\n<meta property=\"og:site_name\" content=\"Urlaub &amp; Reisen\" \/>\n<meta property=\"article:published_time\" content=\"2013-01-26T17:36:13+00:00\" \/>\n<meta property=\"article:modified_time\" content=\"2016-03-16T08:03:25+00:00\" \/>\n<meta property=\"og:image\" content=\"https:\/\/www.urlaubcornwall.de\/blog\/wp-content\/uploads\/2013\/01\/In-front-of-the-House-at-Port-Eliot-by-Bill-Bradshaw1.jpg\" \/>\n<meta name=\"author\" content=\"admin\" \/>\n<meta name=\"twitter:card\" content=\"summary\" \/>\n<meta name=\"twitter:label1\" content=\"Written by\" \/>\n\t<meta name=\"twitter:data1\" content=\"admin\" \/>\n\t<meta name=\"twitter:label2\" content=\"Est. reading time\" \/>\n\t<meta name=\"twitter:data2\" content=\"1 minute\" \/>\n<script type=\"application\/ld+json\" class=\"yoast-schema-graph\">{\"@context\":\"https:\/\/schema.org\",\"@graph\":[{\"@type\":\"WebSite\",\"@id\":\"https:\/\/www.urlaubcornwall.de\/blog\/#website\",\"url\":\"https:\/\/www.urlaubcornwall.de\/blog\/\",\"name\":\"Urlaub &amp; Reisen\",\"description\":\"Urlaub, Reisen, Cornwall und S\u00fcdengland: eine perfekte Kombination\",\"potentialAction\":[{\"@type\":\"SearchAction\",\"target\":{\"@type\":\"EntryPoint\",\"urlTemplate\":\"https:\/\/www.urlaubcornwall.de\/blog\/?s={search_term_string}\"},\"query-input\":\"required name=search_term_string\"}],\"inLanguage\":\"en-US\"},{\"@type\":\"WebPage\",\"@id\":\"https:\/\/www.urlaubcornwall.de\/blog\/2013\/01\/port-eliot-festival\/\",\"url\":\"https:\/\/www.urlaubcornwall.de\/blog\/2013\/01\/port-eliot-festival\/\",\"name\":\"Port Eliot Festival - Urlaub &amp; Reisen\",\"isPartOf\":{\"@id\":\"https:\/\/www.urlaubcornwall.de\/blog\/#website\"},\"datePublished\":\"2013-01-26T17:36:13+00:00\",\"dateModified\":\"2016-03-16T08:03:25+00:00\",\"author\":{\"@id\":\"https:\/\/www.urlaubcornwall.de\/blog\/#\/schema\/person\/48865f9aec29f0806a1ec0bba8fcf0e5\"},\"breadcrumb\":{\"@id\":\"https:\/\/www.urlaubcornwall.de\/blog\/2013\/01\/port-eliot-festival\/#breadcrumb\"},\"inLanguage\":\"en-US\",\"potentialAction\":[{\"@type\":\"ReadAction\",\"target\":[\"https:\/\/www.urlaubcornwall.de\/blog\/2013\/01\/port-eliot-festival\/\"]}]},{\"@type\":\"BreadcrumbList\",\"@id\":\"https:\/\/www.urlaubcornwall.de\/blog\/2013\/01\/port-eliot-festival\/#breadcrumb\",\"itemListElement\":[{\"@type\":\"ListItem\",\"position\":1,\"name\":\"Home\",\"item\":\"https:\/\/www.urlaubcornwall.de\/blog\/\"},{\"@type\":\"ListItem\",\"position\":2,\"name\":\"Port Eliot Festival\"}]},{\"@type\":\"Person\",\"@id\":\"https:\/\/www.urlaubcornwall.de\/blog\/#\/schema\/person\/48865f9aec29f0806a1ec0bba8fcf0e5\",\"name\":\"admin\",\"image\":{\"@type\":\"ImageObject\",\"inLanguage\":\"en-US\",\"@id\":\"https:\/\/www.urlaubcornwall.de\/blog\/#\/schema\/person\/image\/\",\"url\":\"https:\/\/secure.gravatar.com\/avatar\/1434bd40b482eb6606b6cdea4531da2d?s=96&d=mm&r=g\",\"contentUrl\":\"https:\/\/secure.gravatar.com\/avatar\/1434bd40b482eb6606b6cdea4531da2d?s=96&d=mm&r=g\",\"caption\":\"admin\"},\"url\":\"https:\/\/www.urlaubcornwall.de\/blog\/author\/admin\/\"}]}<\/script>\n<!-- \/ Yoast SEO plugin. -->","yoast_head_json":{"title":"Port Eliot Festival - Urlaub &amp; Reisen","robots":{"index":"index","follow":"follow","max-snippet":"max-snippet:-1","max-image-preview":"max-image-preview:large","max-video-preview":"max-video-preview:-1"},"canonical":"https:\/\/www.urlaubcornwall.de\/blog\/2013\/01\/port-eliot-festival\/","og_locale":"en_US","og_type":"article","og_title":"Port Eliot Festival - Urlaub &amp; Reisen","og_description":"Auf dem Landsitz der St Germans, Port Eliot Anwesen, trifft jahrhundertealter hochherrschaftlicher Chic auf Rock\u2019n\u2019Roll \u2013 und auf jede Menge Prominenz. Seitdem Peregrine, 10. Graf von St. Germans, das Anwesen f\u00fchrt, hat er den Exzentriker Robert Lengkiewicz einen Raum mit einem Wandgem\u00e4lde ausmalen lassen, in dem surreale und apokalyptische Szenen mit Skeletten und Familienportr\u00e4ts zusammentreffen. [&hellip;]","og_url":"https:\/\/www.urlaubcornwall.de\/blog\/2013\/01\/port-eliot-festival\/","og_site_name":"Urlaub &amp; Reisen","article_published_time":"2013-01-26T17:36:13+00:00","article_modified_time":"2016-03-16T08:03:25+00:00","og_image":[{"url":"https:\/\/www.urlaubcornwall.de\/blog\/wp-content\/uploads\/2013\/01\/In-front-of-the-House-at-Port-Eliot-by-Bill-Bradshaw1.jpg"}],"author":"admin","twitter_card":"summary","twitter_misc":{"Written by":"admin","Est. reading time":"1 minute"},"schema":{"@context":"https:\/\/schema.org","@graph":[{"@type":"WebSite","@id":"https:\/\/www.urlaubcornwall.de\/blog\/#website","url":"https:\/\/www.urlaubcornwall.de\/blog\/","name":"Urlaub &amp; Reisen","description":"Urlaub, Reisen, Cornwall und S\u00fcdengland: eine perfekte Kombination","potentialAction":[{"@type":"SearchAction","target":{"@type":"EntryPoint","urlTemplate":"https:\/\/www.urlaubcornwall.de\/blog\/?s={search_term_string}"},"query-input":"required name=search_term_string"}],"inLanguage":"en-US"},{"@type":"WebPage","@id":"https:\/\/www.urlaubcornwall.de\/blog\/2013\/01\/port-eliot-festival\/","url":"https:\/\/www.urlaubcornwall.de\/blog\/2013\/01\/port-eliot-festival\/","name":"Port Eliot Festival - Urlaub &amp; Reisen","isPartOf":{"@id":"https:\/\/www.urlaubcornwall.de\/blog\/#website"},"datePublished":"2013-01-26T17:36:13+00:00","dateModified":"2016-03-16T08:03:25+00:00","author":{"@id":"https:\/\/www.urlaubcornwall.de\/blog\/#\/schema\/person\/48865f9aec29f0806a1ec0bba8fcf0e5"},"breadcrumb":{"@id":"https:\/\/www.urlaubcornwall.de\/blog\/2013\/01\/port-eliot-festival\/#breadcrumb"},"inLanguage":"en-US","potentialAction":[{"@type":"ReadAction","target":["https:\/\/www.urlaubcornwall.de\/blog\/2013\/01\/port-eliot-festival\/"]}]},{"@type":"BreadcrumbList","@id":"https:\/\/www.urlaubcornwall.de\/blog\/2013\/01\/port-eliot-festival\/#breadcrumb","itemListElement":[{"@type":"ListItem","position":1,"name":"Home","item":"https:\/\/www.urlaubcornwall.de\/blog\/"},{"@type":"ListItem","position":2,"name":"Port Eliot Festival"}]},{"@type":"Person","@id":"https:\/\/www.urlaubcornwall.de\/blog\/#\/schema\/person\/48865f9aec29f0806a1ec0bba8fcf0e5","name":"admin","image":{"@type":"ImageObject","inLanguage":"en-US","@id":"https:\/\/www.urlaubcornwall.de\/blog\/#\/schema\/person\/image\/","url":"https:\/\/secure.gravatar.com\/avatar\/1434bd40b482eb6606b6cdea4531da2d?s=96&d=mm&r=g","contentUrl":"https:\/\/secure.gravatar.com\/avatar\/1434bd40b482eb6606b6cdea4531da2d?s=96&d=mm&r=g","caption":"admin"},"url":"https:\/\/www.urlaubcornwall.de\/blog\/author\/admin\/"}]}},"_links":{"self":[{"href":"https:\/\/www.urlaubcornwall.de\/blog\/wp-json\/wp\/v2\/posts\/7627"}],"collection":[{"href":"https:\/\/www.urlaubcornwall.de\/blog\/wp-json\/wp\/v2\/posts"}],"about":[{"href":"https:\/\/www.urlaubcornwall.de\/blog\/wp-json\/wp\/v2\/types\/post"}],"author":[{"embeddable":true,"href":"https:\/\/www.urlaubcornwall.de\/blog\/wp-json\/wp\/v2\/users\/1"}],"replies":[{"embeddable":true,"href":"https:\/\/www.urlaubcornwall.de\/blog\/wp-json\/wp\/v2\/comments?post=7627"}],"version-history":[{"count":7,"href":"https:\/\/www.urlaubcornwall.de\/blog\/wp-json\/wp\/v2\/posts\/7627\/revisions"}],"predecessor-version":[{"id":23334,"href":"https:\/\/www.urlaubcornwall.de\/blog\/wp-json\/wp\/v2\/posts\/7627\/revisions\/23334"}],"wp:attachment":[{"href":"https:\/\/www.urlaubcornwall.de\/blog\/wp-json\/wp\/v2\/media?parent=7627"}],"wp:term":[{"taxonomy":"category","embeddable":true,"href":"https:\/\/www.urlaubcornwall.de\/blog\/wp-json\/wp\/v2\/categories?post=7627"},{"taxonomy":"post_tag","embeddable":true,"href":"https:\/\/www.urlaubcornwall.de\/blog\/wp-json\/wp\/v2\/tags?post=7627"}],"curies":[{"name":"wp","href":"https:\/\/api.w.org\/{rel}","templated":true}]}}